{"id":8793,"date":"2024-02-22T20:40:35","date_gmt":"2024-02-22T18:40:35","guid":{"rendered":"http:\/\/www.regine-koelpin.de\/?p=8793"},"modified":"2024-02-22T20:40:36","modified_gmt":"2024-02-22T18:40:36","slug":"regine-koelpin-ist-auf-der-shortlist-fuer-den-guetersloher-jugendbuchpreis","status":"publish","type":"post","link":"https:\/\/www.regine-koelpin.de\/?p=8793","title":{"rendered":"Regine K\u00f6lpin ist  auf der Shortlist f\u00fcr den G\u00fctersloher Jugendbuchpreis"},"content":{"rendered":"\n<figure class=\"wp-block-image size-large\"><img loading=\"lazy\" decoding=\"async\" width=\"370\" height=\"529\" src=\"http:\/\/www.regine-koelpin.de\/wp-content\/uploads\/Traces-2.jpg\" alt=\"\" class=\"wp-image-8794\"\/><\/figure>\n\n\n\n<p>Regine k\u00f6lpin sthet mit ihrem Roman <strong>Traces- Finde<\/strong> <strong>mich<\/strong> auf der Shortlist f\u00fcr den G\u00fctersloher Jugendbuchpreis<\/p>\n","protected":false},"excerpt":{"rendered":"<p>Regine k\u00f6lpin sthet mit ihrem Roman Traces- Finde mich auf der Shortlist f\u00fcr den G\u00fctersloher Jugendbuchpreis<\/p>\n","protected":false},"author":1,"featured_media":0,"comment_status":"closed","ping_status":"closed","sticky":false,"template":"","format":"standard","meta":{"footnotes":""},"categories":[1],"tags":[],"class_list":["post-8793","post","type-post","status-publish","format-standard","hentry","category-allgemein"],"yoast_head":"<!-- This site is optimized with the Yoast SEO plugin v24.2 - https:\/\/yoast.com\/wordpress\/plugins\/seo\/ -->\n<title>Regine K\u00f6lpin ist auf der Shortlist f\u00fcr den G\u00fctersloher Jugendbuchpreis - Regine K\u00f6lpin<\/title>\n<meta name=\"robots\" content=\"index, follow, max-snippet:-1, max-image-preview:large, max-video-preview:-1\" \/>\n<link rel=\"canonical\" href=\"https:\/\/www.regine-koelpin.de\/?p=8793\" \/>\n<meta property=\"og:locale\" content=\"de_DE\" \/>\n<meta property=\"og:type\" content=\"article\" \/>\n<meta property=\"og:title\" content=\"Regine K\u00f6lpin ist auf der Shortlist f\u00fcr den G\u00fctersloher Jugendbuchpreis - Regine K\u00f6lpin\" \/>\n<meta property=\"og:description\" content=\"Regine k\u00f6lpin sthet mit ihrem Roman Traces- Finde mich auf der Shortlist f\u00fcr den G\u00fctersloher Jugendbuchpreis\" \/>\n<meta property=\"og:url\" content=\"https:\/\/www.regine-koelpin.de\/?p=8793\" \/>\n<meta property=\"og:site_name\" content=\"Regine K\u00f6lpin\" \/>\n<meta property=\"article:published_time\" content=\"2024-02-22T18:40:35+00:00\" \/>\n<meta property=\"article:modified_time\" content=\"2024-02-22T18:40:36+00:00\" \/>\n<meta property=\"og:image\" content=\"http:\/\/www.regine-koelpin.de\/wp-content\/uploads\/Traces-2.jpg\" \/>\n<meta name=\"author\" content=\"Regine\" \/>\n<meta name=\"twitter:card\" content=\"summary_large_image\" \/>\n<meta name=\"twitter:label1\" content=\"Verfasst von\" \/>\n\t<meta name=\"twitter:data1\" content=\"Regine\" \/>\n<script type=\"application\/ld+json\" class=\"yoast-schema-graph\">{\"@context\":\"https:\/\/schema.org\",\"@graph\":[{\"@type\":\"WebPage\",\"@id\":\"https:\/\/www.regine-koelpin.de\/?p=8793\",\"url\":\"https:\/\/www.regine-koelpin.de\/?p=8793\",\"name\":\"Regine K\u00f6lpin ist auf der Shortlist f\u00fcr den G\u00fctersloher Jugendbuchpreis - Regine K\u00f6lpin\",\"isPartOf\":{\"@id\":\"https:\/\/www.regine-koelpin.de\/#website\"},\"primaryImageOfPage\":{\"@id\":\"https:\/\/www.regine-koelpin.de\/?p=8793#primaryimage\"},\"image\":{\"@id\":\"https:\/\/www.regine-koelpin.de\/?p=8793#primaryimage\"},\"thumbnailUrl\":\"http:\/\/www.regine-koelpin.de\/wp-content\/uploads\/Traces-2.jpg\",\"datePublished\":\"2024-02-22T18:40:35+00:00\",\"dateModified\":\"2024-02-22T18:40:36+00:00\",\"author\":{\"@id\":\"https:\/\/www.regine-koelpin.de\/#\/schema\/person\/938d47f0bd462ae07fab9340440a3aa3\"},\"breadcrumb\":{\"@id\":\"https:\/\/www.regine-koelpin.de\/?p=8793#breadcrumb\"},\"inLanguage\":\"de\",\"potentialAction\":[{\"@type\":\"ReadAction\",\"target\":[\"https:\/\/www.regine-koelpin.de\/?p=8793\"]}]},{\"@type\":\"ImageObject\",\"inLanguage\":\"de\",\"@id\":\"https:\/\/www.regine-koelpin.de\/?p=8793#primaryimage\",\"url\":\"https:\/\/www.regine-koelpin.de\/wp-content\/uploads\/Traces-2.jpg\",\"contentUrl\":\"https:\/\/www.regine-koelpin.de\/wp-content\/uploads\/Traces-2.jpg\",\"width\":370,\"height\":529},{\"@type\":\"BreadcrumbList\",\"@id\":\"https:\/\/www.regine-koelpin.de\/?p=8793#breadcrumb\",\"itemListElement\":[{\"@type\":\"ListItem\",\"position\":1,\"name\":\"Startseite\",\"item\":\"https:\/\/www.regine-koelpin.de\/\"},{\"@type\":\"ListItem\",\"position\":2,\"name\":\"Regine K\u00f6lpin ist auf der Shortlist f\u00fcr den G\u00fctersloher Jugendbuchpreis\"}]},{\"@type\":\"WebSite\",\"@id\":\"https:\/\/www.regine-koelpin.de\/#website\",\"url\":\"https:\/\/www.regine-koelpin.de\/\",\"name\":\"Regine K\u00f6lpin\",\"description\":\"Schriftstellerin\",\"potentialAction\":[{\"@type\":\"SearchAction\",\"target\":{\"@type\":\"EntryPoint\",\"urlTemplate\":\"https:\/\/www.regine-koelpin.de\/?s={search_term_string}\"},\"query-input\":{\"@type\":\"PropertyValueSpecification\",\"valueRequired\":true,\"valueName\":\"search_term_string\"}}],\"inLanguage\":\"de\"},{\"@type\":\"Person\",\"@id\":\"https:\/\/www.regine-koelpin.de\/#\/schema\/person\/938d47f0bd462ae07fab9340440a3aa3\",\"name\":\"Regine\",\"url\":\"https:\/\/www.regine-koelpin.de\/?author=1\"}]}<\/script>\n<!-- \/ Yoast SEO plugin. -->","yoast_head_json":{"title":"Regine K\u00f6lpin ist auf der Shortlist f\u00fcr den G\u00fctersloher Jugendbuchpreis - Regine K\u00f6lpin","robots":{"index":"index","follow":"follow","max-snippet":"max-snippet:-1","max-image-preview":"max-image-preview:large","max-video-preview":"max-video-preview:-1"},"canonical":"https:\/\/www.regine-koelpin.de\/?p=8793","og_locale":"de_DE","og_type":"article","og_title":"Regine K\u00f6lpin ist auf der Shortlist f\u00fcr den G\u00fctersloher Jugendbuchpreis - Regine K\u00f6lpin","og_description":"Regine k\u00f6lpin sthet mit ihrem Roman Traces- Finde mich auf der Shortlist f\u00fcr den G\u00fctersloher Jugendbuchpreis","og_url":"https:\/\/www.regine-koelpin.de\/?p=8793","og_site_name":"Regine K\u00f6lpin","article_published_time":"2024-02-22T18:40:35+00:00","article_modified_time":"2024-02-22T18:40:36+00:00","og_image":[{"url":"http:\/\/www.regine-koelpin.de\/wp-content\/uploads\/Traces-2.jpg","type":"","width":"","height":""}],"author":"Regine","twitter_card":"summary_large_image","twitter_misc":{"Verfasst von":"Regine"},"schema":{"@context":"https:\/\/schema.org","@graph":[{"@type":"WebPage","@id":"https:\/\/www.regine-koelpin.de\/?p=8793","url":"https:\/\/www.regine-koelpin.de\/?p=8793","name":"Regine K\u00f6lpin ist auf der Shortlist f\u00fcr den G\u00fctersloher Jugendbuchpreis - Regine K\u00f6lpin","isPartOf":{"@id":"https:\/\/www.regine-koelpin.de\/#website"},"primaryImageOfPage":{"@id":"https:\/\/www.regine-koelpin.de\/?p=8793#primaryimage"},"image":{"@id":"https:\/\/www.regine-koelpin.de\/?p=8793#primaryimage"},"thumbnailUrl":"http:\/\/www.regine-koelpin.de\/wp-content\/uploads\/Traces-2.jpg","datePublished":"2024-02-22T18:40:35+00:00","dateModified":"2024-02-22T18:40:36+00:00","author":{"@id":"https:\/\/www.regine-koelpin.de\/#\/schema\/person\/938d47f0bd462ae07fab9340440a3aa3"},"breadcrumb":{"@id":"https:\/\/www.regine-koelpin.de\/?p=8793#breadcrumb"},"inLanguage":"de","potentialAction":[{"@type":"ReadAction","target":["https:\/\/www.regine-koelpin.de\/?p=8793"]}]},{"@type":"ImageObject","inLanguage":"de","@id":"https:\/\/www.regine-koelpin.de\/?p=8793#primaryimage","url":"https:\/\/www.regine-koelpin.de\/wp-content\/uploads\/Traces-2.jpg","contentUrl":"https:\/\/www.regine-koelpin.de\/wp-content\/uploads\/Traces-2.jpg","width":370,"height":529},{"@type":"BreadcrumbList","@id":"https:\/\/www.regine-koelpin.de\/?p=8793#breadcrumb","itemListElement":[{"@type":"ListItem","position":1,"name":"Startseite","item":"https:\/\/www.regine-koelpin.de\/"},{"@type":"ListItem","position":2,"name":"Regine K\u00f6lpin ist auf der Shortlist f\u00fcr den G\u00fctersloher Jugendbuchpreis"}]},{"@type":"WebSite","@id":"https:\/\/www.regine-koelpin.de\/#website","url":"https:\/\/www.regine-koelpin.de\/","name":"Regine K\u00f6lpin","description":"Schriftstellerin","potentialAction":[{"@type":"SearchAction","target":{"@type":"EntryPoint","urlTemplate":"https:\/\/www.regine-koelpin.de\/?s={search_term_string}"},"query-input":{"@type":"PropertyValueSpecification","valueRequired":true,"valueName":"search_term_string"}}],"inLanguage":"de"},{"@type":"Person","@id":"https:\/\/www.regine-koelpin.de\/#\/schema\/person\/938d47f0bd462ae07fab9340440a3aa3","name":"Regine","url":"https:\/\/www.regine-koelpin.de\/?author=1"}]}},"_links":{"self":[{"href":"https:\/\/www.regine-koelpin.de\/index.php?rest_route=\/wp\/v2\/posts\/8793","targetHints":{"allow":["GET"]}}],"collection":[{"href":"https:\/\/www.regine-koelpin.de\/index.php?rest_route=\/wp\/v2\/posts"}],"about":[{"href":"https:\/\/www.regine-koelpin.de\/index.php?rest_route=\/wp\/v2\/types\/post"}],"author":[{"embeddable":true,"href":"https:\/\/www.regine-koelpin.de\/index.php?rest_route=\/wp\/v2\/users\/1"}],"replies":[{"embeddable":true,"href":"https:\/\/www.regine-koelpin.de\/index.php?rest_route=%2Fwp%2Fv2%2Fcomments&post=8793"}],"version-history":[{"count":1,"href":"https:\/\/www.regine-koelpin.de\/index.php?rest_route=\/wp\/v2\/posts\/8793\/revisions"}],"predecessor-version":[{"id":8795,"href":"https:\/\/www.regine-koelpin.de\/index.php?rest_route=\/wp\/v2\/posts\/8793\/revisions\/8795"}],"wp:attachment":[{"href":"https:\/\/www.regine-koelpin.de\/index.php?rest_route=%2Fwp%2Fv2%2Fmedia&parent=8793"}],"wp:term":[{"taxonomy":"category","embeddable":true,"href":"https:\/\/www.regine-koelpin.de\/index.php?rest_route=%2Fwp%2Fv2%2Fcategories&post=8793"},{"taxonomy":"post_tag","embeddable":true,"href":"https:\/\/www.regine-koelpin.de\/index.php?rest_route=%2Fwp%2Fv2%2Ftags&post=8793"}],"curies":[{"name":"wp","href":"https:\/\/api.w.org\/{rel}","templated":true}]}}