{"id":6536,"date":"2018-09-14T18:56:26","date_gmt":"2018-09-14T16:56:26","guid":{"rendered":"http:\/\/www.regine-koelpin.de\/?p=6536"},"modified":"2018-09-14T18:56:26","modified_gmt":"2018-09-14T16:56:26","slug":"regine-koelpin-stellt-beim-fernsehsender-o1-oma-wird-oma-vor","status":"publish","type":"post","link":"https:\/\/www.regine-koelpin.de\/?p=6536","title":{"rendered":"Regine K\u00f6lpin stellt beim Fernsehsender O1  Oma wird Oma vor"},"content":{"rendered":"<p>Das Thema war Neuerscheinungen und vier Autoren kamen der Einladung von O1 nach.<\/p>\n<p>Regine K\u00f6lpin gab zwei Interviews und las in der Mitte aus &#8222;Oma wird Oma&#8220;.<\/p>\n<p><a href=\"http:\/\/www.oeins.de\/mediathek\/die-neuesten-videos\/?no_cache=1\">Zum Beitrag<\/a><\/p>\n<p>Regine K\u00f6lpin ist ab 31:22 zu sehen.<\/p>\n<p><img loading=\"lazy\" decoding=\"async\" class=\"aligncenter size-medium wp-image-6092\" src=\"http:\/\/www.regine-koelpin.de\/wp-content\/uploads\/Oma-wird-Oma-final-197x300.jpg\" alt=\"\" width=\"197\" height=\"300\" srcset=\"https:\/\/www.regine-koelpin.de\/wp-content\/uploads\/Oma-wird-Oma-final-197x300.jpg 197w, https:\/\/www.regine-koelpin.de\/wp-content\/uploads\/Oma-wird-Oma-final-768x1167.jpg 768w, https:\/\/www.regine-koelpin.de\/wp-content\/uploads\/Oma-wird-Oma-final-674x1024.jpg 674w, https:\/\/www.regine-koelpin.de\/wp-content\/uploads\/Oma-wird-Oma-final.jpg 1477w\" sizes=\"auto, (max-width: 197px) 100vw, 197px\" \/><\/p>\n<p>&nbsp;<\/p>\n<p>&nbsp;<\/p>\n<p>&nbsp;<\/p>\n","protected":false},"excerpt":{"rendered":"<p>Das Thema war Neuerscheinungen und vier Autoren kamen der Einladung von O1 nach. Regine K\u00f6lpin gab zwei Interviews und las&hellip;<\/p>\n","protected":false},"author":1,"featured_media":0,"comment_status":"closed","ping_status":"closed","sticky":false,"template":"","format":"standard","meta":{"footnotes":""},"categories":[1],"tags":[],"class_list":["post-6536","post","type-post","status-publish","format-standard","hentry","category-allgemein"],"yoast_head":"<!-- This site is optimized with the Yoast SEO plugin v24.2 - https:\/\/yoast.com\/wordpress\/plugins\/seo\/ -->\n<title>Regine K\u00f6lpin stellt beim Fernsehsender O1 Oma wird Oma vor - Regine K\u00f6lpin<\/title>\n<meta name=\"robots\" content=\"index, follow, max-snippet:-1, max-image-preview:large, max-video-preview:-1\" \/>\n<link rel=\"canonical\" href=\"https:\/\/www.regine-koelpin.de\/?p=6536\" \/>\n<meta property=\"og:locale\" content=\"de_DE\" \/>\n<meta property=\"og:type\" content=\"article\" \/>\n<meta property=\"og:title\" content=\"Regine K\u00f6lpin stellt beim Fernsehsender O1 Oma wird Oma vor - Regine K\u00f6lpin\" \/>\n<meta property=\"og:description\" content=\"Das Thema war Neuerscheinungen und vier Autoren kamen der Einladung von O1 nach. Regine K\u00f6lpin gab zwei Interviews und las&hellip;\" \/>\n<meta property=\"og:url\" content=\"https:\/\/www.regine-koelpin.de\/?p=6536\" \/>\n<meta property=\"og:site_name\" content=\"Regine K\u00f6lpin\" \/>\n<meta property=\"article:published_time\" content=\"2018-09-14T16:56:26+00:00\" \/>\n<meta property=\"og:image\" content=\"http:\/\/www.regine-koelpin.de\/wp-content\/uploads\/Oma-wird-Oma-final-197x300.jpg\" \/>\n<meta name=\"author\" content=\"Regine\" \/>\n<meta name=\"twitter:card\" content=\"summary_large_image\" \/>\n<meta name=\"twitter:label1\" content=\"Verfasst von\" \/>\n\t<meta name=\"twitter:data1\" content=\"Regine\" \/>\n<script type=\"application\/ld+json\" class=\"yoast-schema-graph\">{\"@context\":\"https:\/\/schema.org\",\"@graph\":[{\"@type\":\"WebPage\",\"@id\":\"https:\/\/www.regine-koelpin.de\/?p=6536\",\"url\":\"https:\/\/www.regine-koelpin.de\/?p=6536\",\"name\":\"Regine K\u00f6lpin stellt beim Fernsehsender O1 Oma wird Oma vor - Regine K\u00f6lpin\",\"isPartOf\":{\"@id\":\"https:\/\/www.regine-koelpin.de\/#website\"},\"primaryImageOfPage\":{\"@id\":\"https:\/\/www.regine-koelpin.de\/?p=6536#primaryimage\"},\"image\":{\"@id\":\"https:\/\/www.regine-koelpin.de\/?p=6536#primaryimage\"},\"thumbnailUrl\":\"http:\/\/www.regine-koelpin.de\/wp-content\/uploads\/Oma-wird-Oma-final-197x300.jpg\",\"datePublished\":\"2018-09-14T16:56:26+00:00\",\"dateModified\":\"2018-09-14T16:56:26+00:00\",\"author\":{\"@id\":\"https:\/\/www.regine-koelpin.de\/#\/schema\/person\/938d47f0bd462ae07fab9340440a3aa3\"},\"breadcrumb\":{\"@id\":\"https:\/\/www.regine-koelpin.de\/?p=6536#breadcrumb\"},\"inLanguage\":\"de\",\"potentialAction\":[{\"@type\":\"ReadAction\",\"target\":[\"https:\/\/www.regine-koelpin.de\/?p=6536\"]}]},{\"@type\":\"ImageObject\",\"inLanguage\":\"de\",\"@id\":\"https:\/\/www.regine-koelpin.de\/?p=6536#primaryimage\",\"url\":\"http:\/\/www.regine-koelpin.de\/wp-content\/uploads\/Oma-wird-Oma-final-197x300.jpg\",\"contentUrl\":\"http:\/\/www.regine-koelpin.de\/wp-content\/uploads\/Oma-wird-Oma-final-197x300.jpg\"},{\"@type\":\"BreadcrumbList\",\"@id\":\"https:\/\/www.regine-koelpin.de\/?p=6536#breadcrumb\",\"itemListElement\":[{\"@type\":\"ListItem\",\"position\":1,\"name\":\"Startseite\",\"item\":\"https:\/\/www.regine-koelpin.de\/\"},{\"@type\":\"ListItem\",\"position\":2,\"name\":\"Regine K\u00f6lpin stellt beim Fernsehsender O1 Oma wird Oma vor\"}]},{\"@type\":\"WebSite\",\"@id\":\"https:\/\/www.regine-koelpin.de\/#website\",\"url\":\"https:\/\/www.regine-koelpin.de\/\",\"name\":\"Regine K\u00f6lpin\",\"description\":\"Schriftstellerin\",\"potentialAction\":[{\"@type\":\"SearchAction\",\"target\":{\"@type\":\"EntryPoint\",\"urlTemplate\":\"https:\/\/www.regine-koelpin.de\/?s={search_term_string}\"},\"query-input\":{\"@type\":\"PropertyValueSpecification\",\"valueRequired\":true,\"valueName\":\"search_term_string\"}}],\"inLanguage\":\"de\"},{\"@type\":\"Person\",\"@id\":\"https:\/\/www.regine-koelpin.de\/#\/schema\/person\/938d47f0bd462ae07fab9340440a3aa3\",\"name\":\"Regine\",\"url\":\"https:\/\/www.regine-koelpin.de\/?author=1\"}]}<\/script>\n<!-- \/ Yoast SEO plugin. -->","yoast_head_json":{"title":"Regine K\u00f6lpin stellt beim Fernsehsender O1 Oma wird Oma vor - Regine K\u00f6lpin","robots":{"index":"index","follow":"follow","max-snippet":"max-snippet:-1","max-image-preview":"max-image-preview:large","max-video-preview":"max-video-preview:-1"},"canonical":"https:\/\/www.regine-koelpin.de\/?p=6536","og_locale":"de_DE","og_type":"article","og_title":"Regine K\u00f6lpin stellt beim Fernsehsender O1 Oma wird Oma vor - Regine K\u00f6lpin","og_description":"Das Thema war Neuerscheinungen und vier Autoren kamen der Einladung von O1 nach. Regine K\u00f6lpin gab zwei Interviews und las&hellip;","og_url":"https:\/\/www.regine-koelpin.de\/?p=6536","og_site_name":"Regine K\u00f6lpin","article_published_time":"2018-09-14T16:56:26+00:00","og_image":[{"url":"http:\/\/www.regine-koelpin.de\/wp-content\/uploads\/Oma-wird-Oma-final-197x300.jpg","type":"","width":"","height":""}],"author":"Regine","twitter_card":"summary_large_image","twitter_misc":{"Verfasst von":"Regine"},"schema":{"@context":"https:\/\/schema.org","@graph":[{"@type":"WebPage","@id":"https:\/\/www.regine-koelpin.de\/?p=6536","url":"https:\/\/www.regine-koelpin.de\/?p=6536","name":"Regine K\u00f6lpin stellt beim Fernsehsender O1 Oma wird Oma vor - Regine K\u00f6lpin","isPartOf":{"@id":"https:\/\/www.regine-koelpin.de\/#website"},"primaryImageOfPage":{"@id":"https:\/\/www.regine-koelpin.de\/?p=6536#primaryimage"},"image":{"@id":"https:\/\/www.regine-koelpin.de\/?p=6536#primaryimage"},"thumbnailUrl":"http:\/\/www.regine-koelpin.de\/wp-content\/uploads\/Oma-wird-Oma-final-197x300.jpg","datePublished":"2018-09-14T16:56:26+00:00","dateModified":"2018-09-14T16:56:26+00:00","author":{"@id":"https:\/\/www.regine-koelpin.de\/#\/schema\/person\/938d47f0bd462ae07fab9340440a3aa3"},"breadcrumb":{"@id":"https:\/\/www.regine-koelpin.de\/?p=6536#breadcrumb"},"inLanguage":"de","potentialAction":[{"@type":"ReadAction","target":["https:\/\/www.regine-koelpin.de\/?p=6536"]}]},{"@type":"ImageObject","inLanguage":"de","@id":"https:\/\/www.regine-koelpin.de\/?p=6536#primaryimage","url":"http:\/\/www.regine-koelpin.de\/wp-content\/uploads\/Oma-wird-Oma-final-197x300.jpg","contentUrl":"http:\/\/www.regine-koelpin.de\/wp-content\/uploads\/Oma-wird-Oma-final-197x300.jpg"},{"@type":"BreadcrumbList","@id":"https:\/\/www.regine-koelpin.de\/?p=6536#breadcrumb","itemListElement":[{"@type":"ListItem","position":1,"name":"Startseite","item":"https:\/\/www.regine-koelpin.de\/"},{"@type":"ListItem","position":2,"name":"Regine K\u00f6lpin stellt beim Fernsehsender O1 Oma wird Oma vor"}]},{"@type":"WebSite","@id":"https:\/\/www.regine-koelpin.de\/#website","url":"https:\/\/www.regine-koelpin.de\/","name":"Regine K\u00f6lpin","description":"Schriftstellerin","potentialAction":[{"@type":"SearchAction","target":{"@type":"EntryPoint","urlTemplate":"https:\/\/www.regine-koelpin.de\/?s={search_term_string}"},"query-input":{"@type":"PropertyValueSpecification","valueRequired":true,"valueName":"search_term_string"}}],"inLanguage":"de"},{"@type":"Person","@id":"https:\/\/www.regine-koelpin.de\/#\/schema\/person\/938d47f0bd462ae07fab9340440a3aa3","name":"Regine","url":"https:\/\/www.regine-koelpin.de\/?author=1"}]}},"_links":{"self":[{"href":"https:\/\/www.regine-koelpin.de\/index.php?rest_route=\/wp\/v2\/posts\/6536","targetHints":{"allow":["GET"]}}],"collection":[{"href":"https:\/\/www.regine-koelpin.de\/index.php?rest_route=\/wp\/v2\/posts"}],"about":[{"href":"https:\/\/www.regine-koelpin.de\/index.php?rest_route=\/wp\/v2\/types\/post"}],"author":[{"embeddable":true,"href":"https:\/\/www.regine-koelpin.de\/index.php?rest_route=\/wp\/v2\/users\/1"}],"replies":[{"embeddable":true,"href":"https:\/\/www.regine-koelpin.de\/index.php?rest_route=%2Fwp%2Fv2%2Fcomments&post=6536"}],"version-history":[{"count":1,"href":"https:\/\/www.regine-koelpin.de\/index.php?rest_route=\/wp\/v2\/posts\/6536\/revisions"}],"predecessor-version":[{"id":6537,"href":"https:\/\/www.regine-koelpin.de\/index.php?rest_route=\/wp\/v2\/posts\/6536\/revisions\/6537"}],"wp:attachment":[{"href":"https:\/\/www.regine-koelpin.de\/index.php?rest_route=%2Fwp%2Fv2%2Fmedia&parent=6536"}],"wp:term":[{"taxonomy":"category","embeddable":true,"href":"https:\/\/www.regine-koelpin.de\/index.php?rest_route=%2Fwp%2Fv2%2Fcategories&post=6536"},{"taxonomy":"post_tag","embeddable":true,"href":"https:\/\/www.regine-koelpin.de\/index.php?rest_route=%2Fwp%2Fv2%2Ftags&post=6536"}],"curies":[{"name":"wp","href":"https:\/\/api.w.org\/{rel}","templated":true}]}}