{"id":6054,"date":"2017-10-18T15:06:48","date_gmt":"2017-10-18T13:06:48","guid":{"rendered":"http:\/\/www.regine-koelpin.de\/?p=6054"},"modified":"2017-10-18T15:06:48","modified_gmt":"2017-10-18T13:06:48","slug":"moerderische-weihnachten-mit-regine-koelpin","status":"publish","type":"post","link":"https:\/\/www.regine-koelpin.de\/?p=6054","title":{"rendered":"M\u00f6rderische Weihnachten mit Regine K\u00f6lpin"},"content":{"rendered":"<h1><span style=\"color: #000000;\">M\u00f6rderische Weihnachten<\/span><\/h1>\n<p><span style=\"color: #000000;\"><strong>Regine K\u00f6lpin ist in diesem Jahr in vier spannenden Weihnachtsanthologien vertreten. Dann ein frohes Fest!<\/strong><\/span><\/p>\n<h2><span style=\"color: #000000;\">Die Weihnachtsfrauen, Knaur Verlag<\/span><\/h2>\n<p><img loading=\"lazy\" decoding=\"async\" class=\"alignnone size-medium wp-image-5834\" src=\"http:\/\/www.regine-koelpin.de\/wp-content\/uploads\/51MP3y5tKfL._SX327_BO1204203200_-198x300.jpg\" alt=\"\" width=\"198\" height=\"300\" srcset=\"https:\/\/www.regine-koelpin.de\/wp-content\/uploads\/51MP3y5tKfL._SX327_BO1204203200_-198x300.jpg 198w, https:\/\/www.regine-koelpin.de\/wp-content\/uploads\/51MP3y5tKfL._SX327_BO1204203200_.jpg 329w\" sizes=\"auto, (max-width: 198px) 100vw, 198px\" \/><\/p>\n<h2><span style=\"color: #000000;\">Der Weihnachtshasser, Coppenrath Verlag<\/span><\/h2>\n<p><img loading=\"lazy\" decoding=\"async\" class=\"alignnone size-medium wp-image-5921\" src=\"http:\/\/www.regine-koelpin.de\/wp-content\/uploads\/51gIHFM194L._SX364_BO1204203200_-220x300.jpg\" alt=\"\" width=\"220\" height=\"300\" srcset=\"https:\/\/www.regine-koelpin.de\/wp-content\/uploads\/51gIHFM194L._SX364_BO1204203200_-220x300.jpg 220w, https:\/\/www.regine-koelpin.de\/wp-content\/uploads\/51gIHFM194L._SX364_BO1204203200_.jpg 366w\" sizes=\"auto, (max-width: 220px) 100vw, 220px\" \/><\/p>\n<h2><span style=\"color: #000000;\">Na bitte, geht doch, Prolibris Verlag<\/span><\/h2>\n<p><img loading=\"lazy\" decoding=\"async\" class=\"alignnone size-medium wp-image-6052\" src=\"http:\/\/www.regine-koelpin.de\/wp-content\/uploads\/Hexentrank-und-Halleluja-189x300.jpg\" alt=\"\" width=\"189\" height=\"300\" srcset=\"https:\/\/www.regine-koelpin.de\/wp-content\/uploads\/Hexentrank-und-Halleluja-189x300.jpg 189w, https:\/\/www.regine-koelpin.de\/wp-content\/uploads\/Hexentrank-und-Halleluja.jpg 639w\" sizes=\"auto, (max-width: 189px) 100vw, 189px\" \/><\/p>\n<h2><span style=\"color: #000000;\">Die letzten Dichter, Wellh\u00f6fer Verlag<\/span><\/h2>\n<p><img loading=\"lazy\" decoding=\"async\" class=\"alignnone size-medium wp-image-5968\" src=\"http:\/\/www.regine-koelpin.de\/wp-content\/uploads\/228_Weihnacht_Baden_web-192x300.jpg\" alt=\"\" width=\"192\" height=\"300\" srcset=\"https:\/\/www.regine-koelpin.de\/wp-content\/uploads\/228_Weihnacht_Baden_web-192x300.jpg 192w, https:\/\/www.regine-koelpin.de\/wp-content\/uploads\/228_Weihnacht_Baden_web.jpg 354w\" sizes=\"auto, (max-width: 192px) 100vw, 192px\" \/><\/p>\n","protected":false},"excerpt":{"rendered":"<p>M\u00f6rderische Weihnachten Regine K\u00f6lpin ist in diesem Jahr in vier spannenden Weihnachtsanthologien vertreten. Dann ein frohes Fest! Die Weihnachtsfrauen, Knaur&hellip;<\/p>\n","protected":false},"author":1,"featured_media":0,"comment_status":"closed","ping_status":"closed","sticky":false,"template":"","format":"standard","meta":{"footnotes":""},"categories":[1],"tags":[],"class_list":["post-6054","post","type-post","status-publish","format-standard","hentry","category-allgemein"],"yoast_head":"<!-- This site is optimized with the Yoast SEO plugin v24.2 - https:\/\/yoast.com\/wordpress\/plugins\/seo\/ -->\n<title>M\u00f6rderische Weihnachten mit Regine K\u00f6lpin - Regine K\u00f6lpin<\/title>\n<meta name=\"robots\" content=\"index, follow, max-snippet:-1, max-image-preview:large, max-video-preview:-1\" \/>\n<link rel=\"canonical\" href=\"https:\/\/www.regine-koelpin.de\/?p=6054\" \/>\n<meta property=\"og:locale\" content=\"de_DE\" \/>\n<meta property=\"og:type\" content=\"article\" \/>\n<meta property=\"og:title\" content=\"M\u00f6rderische Weihnachten mit Regine K\u00f6lpin - Regine K\u00f6lpin\" \/>\n<meta property=\"og:description\" content=\"M\u00f6rderische Weihnachten Regine K\u00f6lpin ist in diesem Jahr in vier spannenden Weihnachtsanthologien vertreten. Dann ein frohes Fest! Die Weihnachtsfrauen, Knaur&hellip;\" \/>\n<meta property=\"og:url\" content=\"https:\/\/www.regine-koelpin.de\/?p=6054\" \/>\n<meta property=\"og:site_name\" content=\"Regine K\u00f6lpin\" \/>\n<meta property=\"article:published_time\" content=\"2017-10-18T13:06:48+00:00\" \/>\n<meta property=\"og:image\" content=\"http:\/\/www.regine-koelpin.de\/wp-content\/uploads\/51MP3y5tKfL._SX327_BO1204203200_-198x300.jpg\" \/>\n<meta name=\"author\" content=\"Regine\" \/>\n<meta name=\"twitter:card\" content=\"summary_large_image\" \/>\n<meta name=\"twitter:label1\" content=\"Verfasst von\" \/>\n\t<meta name=\"twitter:data1\" content=\"Regine\" \/>\n<script type=\"application\/ld+json\" class=\"yoast-schema-graph\">{\"@context\":\"https:\/\/schema.org\",\"@graph\":[{\"@type\":\"WebPage\",\"@id\":\"https:\/\/www.regine-koelpin.de\/?p=6054\",\"url\":\"https:\/\/www.regine-koelpin.de\/?p=6054\",\"name\":\"M\u00f6rderische Weihnachten mit Regine K\u00f6lpin - Regine K\u00f6lpin\",\"isPartOf\":{\"@id\":\"https:\/\/www.regine-koelpin.de\/#website\"},\"primaryImageOfPage\":{\"@id\":\"https:\/\/www.regine-koelpin.de\/?p=6054#primaryimage\"},\"image\":{\"@id\":\"https:\/\/www.regine-koelpin.de\/?p=6054#primaryimage\"},\"thumbnailUrl\":\"http:\/\/www.regine-koelpin.de\/wp-content\/uploads\/51MP3y5tKfL._SX327_BO1204203200_-198x300.jpg\",\"datePublished\":\"2017-10-18T13:06:48+00:00\",\"dateModified\":\"2017-10-18T13:06:48+00:00\",\"author\":{\"@id\":\"https:\/\/www.regine-koelpin.de\/#\/schema\/person\/938d47f0bd462ae07fab9340440a3aa3\"},\"breadcrumb\":{\"@id\":\"https:\/\/www.regine-koelpin.de\/?p=6054#breadcrumb\"},\"inLanguage\":\"de\",\"potentialAction\":[{\"@type\":\"ReadAction\",\"target\":[\"https:\/\/www.regine-koelpin.de\/?p=6054\"]}]},{\"@type\":\"ImageObject\",\"inLanguage\":\"de\",\"@id\":\"https:\/\/www.regine-koelpin.de\/?p=6054#primaryimage\",\"url\":\"http:\/\/www.regine-koelpin.de\/wp-content\/uploads\/51MP3y5tKfL._SX327_BO1204203200_-198x300.jpg\",\"contentUrl\":\"http:\/\/www.regine-koelpin.de\/wp-content\/uploads\/51MP3y5tKfL._SX327_BO1204203200_-198x300.jpg\"},{\"@type\":\"BreadcrumbList\",\"@id\":\"https:\/\/www.regine-koelpin.de\/?p=6054#breadcrumb\",\"itemListElement\":[{\"@type\":\"ListItem\",\"position\":1,\"name\":\"Startseite\",\"item\":\"https:\/\/www.regine-koelpin.de\/\"},{\"@type\":\"ListItem\",\"position\":2,\"name\":\"M\u00f6rderische Weihnachten mit Regine K\u00f6lpin\"}]},{\"@type\":\"WebSite\",\"@id\":\"https:\/\/www.regine-koelpin.de\/#website\",\"url\":\"https:\/\/www.regine-koelpin.de\/\",\"name\":\"Regine K\u00f6lpin\",\"description\":\"Schriftstellerin\",\"potentialAction\":[{\"@type\":\"SearchAction\",\"target\":{\"@type\":\"EntryPoint\",\"urlTemplate\":\"https:\/\/www.regine-koelpin.de\/?s={search_term_string}\"},\"query-input\":{\"@type\":\"PropertyValueSpecification\",\"valueRequired\":true,\"valueName\":\"search_term_string\"}}],\"inLanguage\":\"de\"},{\"@type\":\"Person\",\"@id\":\"https:\/\/www.regine-koelpin.de\/#\/schema\/person\/938d47f0bd462ae07fab9340440a3aa3\",\"name\":\"Regine\",\"url\":\"https:\/\/www.regine-koelpin.de\/?author=1\"}]}<\/script>\n<!-- \/ Yoast SEO plugin. -->","yoast_head_json":{"title":"M\u00f6rderische Weihnachten mit Regine K\u00f6lpin - Regine K\u00f6lpin","robots":{"index":"index","follow":"follow","max-snippet":"max-snippet:-1","max-image-preview":"max-image-preview:large","max-video-preview":"max-video-preview:-1"},"canonical":"https:\/\/www.regine-koelpin.de\/?p=6054","og_locale":"de_DE","og_type":"article","og_title":"M\u00f6rderische Weihnachten mit Regine K\u00f6lpin - Regine K\u00f6lpin","og_description":"M\u00f6rderische Weihnachten Regine K\u00f6lpin ist in diesem Jahr in vier spannenden Weihnachtsanthologien vertreten. Dann ein frohes Fest! Die Weihnachtsfrauen, Knaur&hellip;","og_url":"https:\/\/www.regine-koelpin.de\/?p=6054","og_site_name":"Regine K\u00f6lpin","article_published_time":"2017-10-18T13:06:48+00:00","og_image":[{"url":"http:\/\/www.regine-koelpin.de\/wp-content\/uploads\/51MP3y5tKfL._SX327_BO1204203200_-198x300.jpg","type":"","width":"","height":""}],"author":"Regine","twitter_card":"summary_large_image","twitter_misc":{"Verfasst von":"Regine"},"schema":{"@context":"https:\/\/schema.org","@graph":[{"@type":"WebPage","@id":"https:\/\/www.regine-koelpin.de\/?p=6054","url":"https:\/\/www.regine-koelpin.de\/?p=6054","name":"M\u00f6rderische Weihnachten mit Regine K\u00f6lpin - Regine K\u00f6lpin","isPartOf":{"@id":"https:\/\/www.regine-koelpin.de\/#website"},"primaryImageOfPage":{"@id":"https:\/\/www.regine-koelpin.de\/?p=6054#primaryimage"},"image":{"@id":"https:\/\/www.regine-koelpin.de\/?p=6054#primaryimage"},"thumbnailUrl":"http:\/\/www.regine-koelpin.de\/wp-content\/uploads\/51MP3y5tKfL._SX327_BO1204203200_-198x300.jpg","datePublished":"2017-10-18T13:06:48+00:00","dateModified":"2017-10-18T13:06:48+00:00","author":{"@id":"https:\/\/www.regine-koelpin.de\/#\/schema\/person\/938d47f0bd462ae07fab9340440a3aa3"},"breadcrumb":{"@id":"https:\/\/www.regine-koelpin.de\/?p=6054#breadcrumb"},"inLanguage":"de","potentialAction":[{"@type":"ReadAction","target":["https:\/\/www.regine-koelpin.de\/?p=6054"]}]},{"@type":"ImageObject","inLanguage":"de","@id":"https:\/\/www.regine-koelpin.de\/?p=6054#primaryimage","url":"http:\/\/www.regine-koelpin.de\/wp-content\/uploads\/51MP3y5tKfL._SX327_BO1204203200_-198x300.jpg","contentUrl":"http:\/\/www.regine-koelpin.de\/wp-content\/uploads\/51MP3y5tKfL._SX327_BO1204203200_-198x300.jpg"},{"@type":"BreadcrumbList","@id":"https:\/\/www.regine-koelpin.de\/?p=6054#breadcrumb","itemListElement":[{"@type":"ListItem","position":1,"name":"Startseite","item":"https:\/\/www.regine-koelpin.de\/"},{"@type":"ListItem","position":2,"name":"M\u00f6rderische Weihnachten mit Regine K\u00f6lpin"}]},{"@type":"WebSite","@id":"https:\/\/www.regine-koelpin.de\/#website","url":"https:\/\/www.regine-koelpin.de\/","name":"Regine K\u00f6lpin","description":"Schriftstellerin","potentialAction":[{"@type":"SearchAction","target":{"@type":"EntryPoint","urlTemplate":"https:\/\/www.regine-koelpin.de\/?s={search_term_string}"},"query-input":{"@type":"PropertyValueSpecification","valueRequired":true,"valueName":"search_term_string"}}],"inLanguage":"de"},{"@type":"Person","@id":"https:\/\/www.regine-koelpin.de\/#\/schema\/person\/938d47f0bd462ae07fab9340440a3aa3","name":"Regine","url":"https:\/\/www.regine-koelpin.de\/?author=1"}]}},"_links":{"self":[{"href":"https:\/\/www.regine-koelpin.de\/index.php?rest_route=\/wp\/v2\/posts\/6054","targetHints":{"allow":["GET"]}}],"collection":[{"href":"https:\/\/www.regine-koelpin.de\/index.php?rest_route=\/wp\/v2\/posts"}],"about":[{"href":"https:\/\/www.regine-koelpin.de\/index.php?rest_route=\/wp\/v2\/types\/post"}],"author":[{"embeddable":true,"href":"https:\/\/www.regine-koelpin.de\/index.php?rest_route=\/wp\/v2\/users\/1"}],"replies":[{"embeddable":true,"href":"https:\/\/www.regine-koelpin.de\/index.php?rest_route=%2Fwp%2Fv2%2Fcomments&post=6054"}],"version-history":[{"count":1,"href":"https:\/\/www.regine-koelpin.de\/index.php?rest_route=\/wp\/v2\/posts\/6054\/revisions"}],"predecessor-version":[{"id":6055,"href":"https:\/\/www.regine-koelpin.de\/index.php?rest_route=\/wp\/v2\/posts\/6054\/revisions\/6055"}],"wp:attachment":[{"href":"https:\/\/www.regine-koelpin.de\/index.php?rest_route=%2Fwp%2Fv2%2Fmedia&parent=6054"}],"wp:term":[{"taxonomy":"category","embeddable":true,"href":"https:\/\/www.regine-koelpin.de\/index.php?rest_route=%2Fwp%2Fv2%2Fcategories&post=6054"},{"taxonomy":"post_tag","embeddable":true,"href":"https:\/\/www.regine-koelpin.de\/index.php?rest_route=%2Fwp%2Fv2%2Ftags&post=6054"}],"curies":[{"name":"wp","href":"https:\/\/api.w.org\/{rel}","templated":true}]}}