{"id":553,"date":"2013-08-12T10:43:23","date_gmt":"2013-08-12T08:43:23","guid":{"rendered":"\/?p=553"},"modified":"2016-03-08T11:13:31","modified_gmt":"2016-03-08T09:13:31","slug":"otternbiss","status":"publish","type":"post","link":"https:\/\/www.regine-koelpin.de\/?p=553","title":{"rendered":"Otternbiss"},"content":{"rendered":"<p>Zum <a title=\"https:\/\/www.youtube.com\/watch?v=WjGxwznWFUo\" href=\"https:\/\/www.youtube.com\/watch?v=WjGxwznWFUo\" target=\"_blank\">Buchtrailer<\/a><\/p>\n<div>\n<div style=\"width: 150px; float: left;\"><a title=\"Otternbiss\" href=\"\/?p=571\"><img loading=\"lazy\" decoding=\"async\" alt=\"Otternbiss\" src=\"wp-content\/uploads\/Otternbiss.jpg\" width=\"167\" height=\"251\" \/><\/a><\/div>\n<div style=\"width: 480px; padding-left: 20px; float: left;\">\n<p class=\"KeinAbsatzformat\">Bei einem Spaziergang vor etlichen Jahren verschwand der achtj\u00e4hrige Achim im Osten der Insel Wangerooge im pl\u00f6tzlich aufkommenden Seenebel. Maria, damals 15 Jahre und seine Betreuerin, qu\u00e4lt sich seitdem mit Gewissensbissen. Als Jahre sp\u00e4ter auf Wangerooge ein Junge ermordet am D\u00fcnenufer aufgefunden wird, beschlie\u00dft sie, dass der Zeitpunkt gekommen ist, auf die Insel zur\u00fcckzukehren und die Vergangenheit aufzuarbeiten. In den Ostd\u00fcnen st\u00f6\u00dft Maria auf ein kindliches Skelett. Sie ist sich sicher, dass es sich um Achim handelt. W\u00e4hrend Kommissar Rothko, zum Dienst nach Wangerooge beordert, ermittelt, sucht Maria auf eigene Faust nach dem M\u00f6rder. Es gibt aber jemanden, dem das nicht passt.<\/p>\n<p>&nbsp;<\/p>\n<p>Leda Verlag, 1. Auflage, Juni 2010, 2. Auflage, November 2010, 3. Auflage Februar 2014<\/p>\n<p><strong>ISBN<\/strong>: 978-3-939689-35-5<\/p>\n<div style=\"float: left; width: 200px;\">\n<div class=\"price\">9,90 \u20ac<\/div>\n<\/div>\n<p>&nbsp;<\/p>\n<p><strong><br \/>\n<\/strong><\/p>\n<p>&nbsp;<\/p>\n<\/div>\n<div class=\"clear\"><\/div>\n<p><!--Zitate--><\/p>\n<\/div>\n","protected":false},"excerpt":{"rendered":"<p>Zum Buchtrailer Bei einem Spaziergang vor etlichen Jahren verschwand der achtj\u00e4hrige Achim im Osten der Insel Wangerooge im pl\u00f6tzlich aufkommenden&hellip;<\/p>\n","protected":false},"author":1,"featured_media":0,"comment_status":"closed","ping_status":"open","sticky":false,"template":"","format":"standard","meta":{"footnotes":""},"categories":[18,16],"tags":[],"class_list":["post-553","post","type-post","status-publish","format-standard","hentry","category-krimi","category-publikationen"],"yoast_head":"<!-- This site is optimized with the Yoast SEO plugin v24.2 - https:\/\/yoast.com\/wordpress\/plugins\/seo\/ -->\n<title>Otternbiss - Regine K\u00f6lpin<\/title>\n<meta name=\"robots\" content=\"index, follow, max-snippet:-1, max-image-preview:large, max-video-preview:-1\" \/>\n<link rel=\"canonical\" href=\"https:\/\/www.regine-koelpin.de\/?p=553\" \/>\n<meta property=\"og:locale\" content=\"de_DE\" \/>\n<meta property=\"og:type\" content=\"article\" \/>\n<meta property=\"og:title\" content=\"Otternbiss - Regine K\u00f6lpin\" \/>\n<meta property=\"og:description\" content=\"Zum Buchtrailer Bei einem Spaziergang vor etlichen Jahren verschwand der achtj\u00e4hrige Achim im Osten der Insel Wangerooge im pl\u00f6tzlich aufkommenden&hellip;\" \/>\n<meta property=\"og:url\" content=\"https:\/\/www.regine-koelpin.de\/?p=553\" \/>\n<meta property=\"og:site_name\" content=\"Regine K\u00f6lpin\" \/>\n<meta property=\"article:published_time\" content=\"2013-08-12T08:43:23+00:00\" \/>\n<meta property=\"article:modified_time\" content=\"2016-03-08T09:13:31+00:00\" \/>\n<meta name=\"author\" content=\"Regine\" \/>\n<meta name=\"twitter:card\" content=\"summary_large_image\" \/>\n<meta name=\"twitter:label1\" content=\"Verfasst von\" \/>\n\t<meta name=\"twitter:data1\" content=\"Regine\" \/>\n\t<meta name=\"twitter:label2\" content=\"Gesch\u00e4tzte Lesezeit\" \/>\n\t<meta name=\"twitter:data2\" content=\"1\u00a0Minute\" \/>\n<script type=\"application\/ld+json\" class=\"yoast-schema-graph\">{\"@context\":\"https:\/\/schema.org\",\"@graph\":[{\"@type\":\"WebPage\",\"@id\":\"https:\/\/www.regine-koelpin.de\/?p=553\",\"url\":\"https:\/\/www.regine-koelpin.de\/?p=553\",\"name\":\"Otternbiss - Regine K\u00f6lpin\",\"isPartOf\":{\"@id\":\"https:\/\/www.regine-koelpin.de\/#website\"},\"datePublished\":\"2013-08-12T08:43:23+00:00\",\"dateModified\":\"2016-03-08T09:13:31+00:00\",\"author\":{\"@id\":\"https:\/\/www.regine-koelpin.de\/#\/schema\/person\/938d47f0bd462ae07fab9340440a3aa3\"},\"breadcrumb\":{\"@id\":\"https:\/\/www.regine-koelpin.de\/?p=553#breadcrumb\"},\"inLanguage\":\"de\",\"potentialAction\":[{\"@type\":\"ReadAction\",\"target\":[\"https:\/\/www.regine-koelpin.de\/?p=553\"]}]},{\"@type\":\"BreadcrumbList\",\"@id\":\"https:\/\/www.regine-koelpin.de\/?p=553#breadcrumb\",\"itemListElement\":[{\"@type\":\"ListItem\",\"position\":1,\"name\":\"Startseite\",\"item\":\"https:\/\/www.regine-koelpin.de\/\"},{\"@type\":\"ListItem\",\"position\":2,\"name\":\"Otternbiss\"}]},{\"@type\":\"WebSite\",\"@id\":\"https:\/\/www.regine-koelpin.de\/#website\",\"url\":\"https:\/\/www.regine-koelpin.de\/\",\"name\":\"Regine K\u00f6lpin\",\"description\":\"Schriftstellerin\",\"potentialAction\":[{\"@type\":\"SearchAction\",\"target\":{\"@type\":\"EntryPoint\",\"urlTemplate\":\"https:\/\/www.regine-koelpin.de\/?s={search_term_string}\"},\"query-input\":{\"@type\":\"PropertyValueSpecification\",\"valueRequired\":true,\"valueName\":\"search_term_string\"}}],\"inLanguage\":\"de\"},{\"@type\":\"Person\",\"@id\":\"https:\/\/www.regine-koelpin.de\/#\/schema\/person\/938d47f0bd462ae07fab9340440a3aa3\",\"name\":\"Regine\",\"url\":\"https:\/\/www.regine-koelpin.de\/?author=1\"}]}<\/script>\n<!-- \/ Yoast SEO plugin. -->","yoast_head_json":{"title":"Otternbiss - Regine K\u00f6lpin","robots":{"index":"index","follow":"follow","max-snippet":"max-snippet:-1","max-image-preview":"max-image-preview:large","max-video-preview":"max-video-preview:-1"},"canonical":"https:\/\/www.regine-koelpin.de\/?p=553","og_locale":"de_DE","og_type":"article","og_title":"Otternbiss - Regine K\u00f6lpin","og_description":"Zum Buchtrailer Bei einem Spaziergang vor etlichen Jahren verschwand der achtj\u00e4hrige Achim im Osten der Insel Wangerooge im pl\u00f6tzlich aufkommenden&hellip;","og_url":"https:\/\/www.regine-koelpin.de\/?p=553","og_site_name":"Regine K\u00f6lpin","article_published_time":"2013-08-12T08:43:23+00:00","article_modified_time":"2016-03-08T09:13:31+00:00","author":"Regine","twitter_card":"summary_large_image","twitter_misc":{"Verfasst von":"Regine","Gesch\u00e4tzte Lesezeit":"1\u00a0Minute"},"schema":{"@context":"https:\/\/schema.org","@graph":[{"@type":"WebPage","@id":"https:\/\/www.regine-koelpin.de\/?p=553","url":"https:\/\/www.regine-koelpin.de\/?p=553","name":"Otternbiss - Regine K\u00f6lpin","isPartOf":{"@id":"https:\/\/www.regine-koelpin.de\/#website"},"datePublished":"2013-08-12T08:43:23+00:00","dateModified":"2016-03-08T09:13:31+00:00","author":{"@id":"https:\/\/www.regine-koelpin.de\/#\/schema\/person\/938d47f0bd462ae07fab9340440a3aa3"},"breadcrumb":{"@id":"https:\/\/www.regine-koelpin.de\/?p=553#breadcrumb"},"inLanguage":"de","potentialAction":[{"@type":"ReadAction","target":["https:\/\/www.regine-koelpin.de\/?p=553"]}]},{"@type":"BreadcrumbList","@id":"https:\/\/www.regine-koelpin.de\/?p=553#breadcrumb","itemListElement":[{"@type":"ListItem","position":1,"name":"Startseite","item":"https:\/\/www.regine-koelpin.de\/"},{"@type":"ListItem","position":2,"name":"Otternbiss"}]},{"@type":"WebSite","@id":"https:\/\/www.regine-koelpin.de\/#website","url":"https:\/\/www.regine-koelpin.de\/","name":"Regine K\u00f6lpin","description":"Schriftstellerin","potentialAction":[{"@type":"SearchAction","target":{"@type":"EntryPoint","urlTemplate":"https:\/\/www.regine-koelpin.de\/?s={search_term_string}"},"query-input":{"@type":"PropertyValueSpecification","valueRequired":true,"valueName":"search_term_string"}}],"inLanguage":"de"},{"@type":"Person","@id":"https:\/\/www.regine-koelpin.de\/#\/schema\/person\/938d47f0bd462ae07fab9340440a3aa3","name":"Regine","url":"https:\/\/www.regine-koelpin.de\/?author=1"}]}},"_links":{"self":[{"href":"https:\/\/www.regine-koelpin.de\/index.php?rest_route=\/wp\/v2\/posts\/553","targetHints":{"allow":["GET"]}}],"collection":[{"href":"https:\/\/www.regine-koelpin.de\/index.php?rest_route=\/wp\/v2\/posts"}],"about":[{"href":"https:\/\/www.regine-koelpin.de\/index.php?rest_route=\/wp\/v2\/types\/post"}],"author":[{"embeddable":true,"href":"https:\/\/www.regine-koelpin.de\/index.php?rest_route=\/wp\/v2\/users\/1"}],"replies":[{"embeddable":true,"href":"https:\/\/www.regine-koelpin.de\/index.php?rest_route=%2Fwp%2Fv2%2Fcomments&post=553"}],"version-history":[{"count":3,"href":"https:\/\/www.regine-koelpin.de\/index.php?rest_route=\/wp\/v2\/posts\/553\/revisions"}],"predecessor-version":[{"id":4917,"href":"https:\/\/www.regine-koelpin.de\/index.php?rest_route=\/wp\/v2\/posts\/553\/revisions\/4917"}],"wp:attachment":[{"href":"https:\/\/www.regine-koelpin.de\/index.php?rest_route=%2Fwp%2Fv2%2Fmedia&parent=553"}],"wp:term":[{"taxonomy":"category","embeddable":true,"href":"https:\/\/www.regine-koelpin.de\/index.php?rest_route=%2Fwp%2Fv2%2Fcategories&post=553"},{"taxonomy":"post_tag","embeddable":true,"href":"https:\/\/www.regine-koelpin.de\/index.php?rest_route=%2Fwp%2Fv2%2Ftags&post=553"}],"curies":[{"name":"wp","href":"https:\/\/api.w.org\/{rel}","templated":true}]}}