{"id":1855,"date":"2013-09-30T11:05:19","date_gmt":"2013-09-30T09:05:19","guid":{"rendered":"http:\/\/www.regine-koelpin.de\/?p=1855"},"modified":"2013-09-30T11:05:19","modified_gmt":"2013-09-30T09:05:19","slug":"aufgebockt-und-abgemurkst-ist-in-der-3-auflage","status":"publish","type":"post","link":"https:\/\/www.regine-koelpin.de\/?p=1855","title":{"rendered":"&#8222;aufgebockt und abgemurkst&#8220; ist in der 3. Auflage"},"content":{"rendered":"<p>Welch Erfolg f\u00fcr den von Regine K\u00f6lpin herausgegeben Kurzkrimiband. In so kurzer Zeit in der Drittauflage!<\/p>\n<p><a href=\"http:\/\/www.regine-koelpin.de\/wp-content\/uploads\/Aufgebockt-und-abgemurkst.jpg-Mail.jpg\"><img loading=\"lazy\" decoding=\"async\" class=\"alignnone size-full wp-image-1856\" alt=\"Aufgebockt und abgemurkst.jpg Mail\" src=\"http:\/\/www.regine-koelpin.de\/wp-content\/uploads\/Aufgebockt-und-abgemurkst.jpg-Mail.jpg\" width=\"200\" height=\"300\" \/><\/a><\/p>\n<p><a title=\"Krimi-Caravan-Tour 2012\" href=\"http:\/\/www.regine-koelpin.de\/?p=130\">Zum Bericht der Deutschlandtournee der Autorin mit &#8222;aufgebockt und abgemurkst&#8220;<\/a><\/p>\n<p>&nbsp;<\/p>\n","protected":false},"excerpt":{"rendered":"<p>Welch Erfolg f\u00fcr den von Regine K\u00f6lpin herausgegeben Kurzkrimiband. In so kurzer Zeit in der Drittauflage! Zum Bericht der Deutschlandtournee&hellip;<\/p>\n","protected":false},"author":1,"featured_media":0,"comment_status":"closed","ping_status":"open","sticky":false,"template":"","format":"standard","meta":{"footnotes":""},"categories":[17,18,12],"tags":[],"class_list":["post-1855","post","type-post","status-publish","format-standard","hentry","category-aktuelles","category-krimi","category-krimi-caravantour-2012"],"yoast_head":"<!-- This site is optimized with the Yoast SEO plugin v24.2 - https:\/\/yoast.com\/wordpress\/plugins\/seo\/ -->\n<title>&quot;aufgebockt und abgemurkst&quot; ist in der 3. Auflage - Regine K\u00f6lpin<\/title>\n<meta name=\"robots\" content=\"index, follow, max-snippet:-1, max-image-preview:large, max-video-preview:-1\" \/>\n<link rel=\"canonical\" href=\"https:\/\/www.regine-koelpin.de\/?p=1855\" \/>\n<meta property=\"og:locale\" content=\"de_DE\" \/>\n<meta property=\"og:type\" content=\"article\" \/>\n<meta property=\"og:title\" content=\"&quot;aufgebockt und abgemurkst&quot; ist in der 3. Auflage - Regine K\u00f6lpin\" \/>\n<meta property=\"og:description\" content=\"Welch Erfolg f\u00fcr den von Regine K\u00f6lpin herausgegeben Kurzkrimiband. In so kurzer Zeit in der Drittauflage! Zum Bericht der Deutschlandtournee&hellip;\" \/>\n<meta property=\"og:url\" content=\"https:\/\/www.regine-koelpin.de\/?p=1855\" \/>\n<meta property=\"og:site_name\" content=\"Regine K\u00f6lpin\" \/>\n<meta property=\"article:published_time\" content=\"2013-09-30T09:05:19+00:00\" \/>\n<meta property=\"og:image\" content=\"http:\/\/www.regine-koelpin.de\/wp-content\/uploads\/Aufgebockt-und-abgemurkst.jpg-Mail.jpg\" \/>\n<meta name=\"author\" content=\"Regine\" \/>\n<meta name=\"twitter:card\" content=\"summary_large_image\" \/>\n<meta name=\"twitter:label1\" content=\"Verfasst von\" \/>\n\t<meta name=\"twitter:data1\" content=\"Regine\" \/>\n<script type=\"application\/ld+json\" class=\"yoast-schema-graph\">{\"@context\":\"https:\/\/schema.org\",\"@graph\":[{\"@type\":\"WebPage\",\"@id\":\"https:\/\/www.regine-koelpin.de\/?p=1855\",\"url\":\"https:\/\/www.regine-koelpin.de\/?p=1855\",\"name\":\"\\\"aufgebockt und abgemurkst\\\" ist in der 3. Auflage - Regine K\u00f6lpin\",\"isPartOf\":{\"@id\":\"https:\/\/www.regine-koelpin.de\/#website\"},\"primaryImageOfPage\":{\"@id\":\"https:\/\/www.regine-koelpin.de\/?p=1855#primaryimage\"},\"image\":{\"@id\":\"https:\/\/www.regine-koelpin.de\/?p=1855#primaryimage\"},\"thumbnailUrl\":\"http:\/\/www.regine-koelpin.de\/wp-content\/uploads\/Aufgebockt-und-abgemurkst.jpg-Mail.jpg\",\"datePublished\":\"2013-09-30T09:05:19+00:00\",\"dateModified\":\"2013-09-30T09:05:19+00:00\",\"author\":{\"@id\":\"https:\/\/www.regine-koelpin.de\/#\/schema\/person\/938d47f0bd462ae07fab9340440a3aa3\"},\"breadcrumb\":{\"@id\":\"https:\/\/www.regine-koelpin.de\/?p=1855#breadcrumb\"},\"inLanguage\":\"de\",\"potentialAction\":[{\"@type\":\"ReadAction\",\"target\":[\"https:\/\/www.regine-koelpin.de\/?p=1855\"]}]},{\"@type\":\"ImageObject\",\"inLanguage\":\"de\",\"@id\":\"https:\/\/www.regine-koelpin.de\/?p=1855#primaryimage\",\"url\":\"http:\/\/www.regine-koelpin.de\/wp-content\/uploads\/Aufgebockt-und-abgemurkst.jpg-Mail.jpg\",\"contentUrl\":\"http:\/\/www.regine-koelpin.de\/wp-content\/uploads\/Aufgebockt-und-abgemurkst.jpg-Mail.jpg\"},{\"@type\":\"BreadcrumbList\",\"@id\":\"https:\/\/www.regine-koelpin.de\/?p=1855#breadcrumb\",\"itemListElement\":[{\"@type\":\"ListItem\",\"position\":1,\"name\":\"Startseite\",\"item\":\"https:\/\/www.regine-koelpin.de\/\"},{\"@type\":\"ListItem\",\"position\":2,\"name\":\"&#8222;aufgebockt und abgemurkst&#8220; ist in der 3. Auflage\"}]},{\"@type\":\"WebSite\",\"@id\":\"https:\/\/www.regine-koelpin.de\/#website\",\"url\":\"https:\/\/www.regine-koelpin.de\/\",\"name\":\"Regine K\u00f6lpin\",\"description\":\"Schriftstellerin\",\"potentialAction\":[{\"@type\":\"SearchAction\",\"target\":{\"@type\":\"EntryPoint\",\"urlTemplate\":\"https:\/\/www.regine-koelpin.de\/?s={search_term_string}\"},\"query-input\":{\"@type\":\"PropertyValueSpecification\",\"valueRequired\":true,\"valueName\":\"search_term_string\"}}],\"inLanguage\":\"de\"},{\"@type\":\"Person\",\"@id\":\"https:\/\/www.regine-koelpin.de\/#\/schema\/person\/938d47f0bd462ae07fab9340440a3aa3\",\"name\":\"Regine\",\"url\":\"https:\/\/www.regine-koelpin.de\/?author=1\"}]}<\/script>\n<!-- \/ Yoast SEO plugin. -->","yoast_head_json":{"title":"\"aufgebockt und abgemurkst\" ist in der 3. Auflage - Regine K\u00f6lpin","robots":{"index":"index","follow":"follow","max-snippet":"max-snippet:-1","max-image-preview":"max-image-preview:large","max-video-preview":"max-video-preview:-1"},"canonical":"https:\/\/www.regine-koelpin.de\/?p=1855","og_locale":"de_DE","og_type":"article","og_title":"\"aufgebockt und abgemurkst\" ist in der 3. Auflage - Regine K\u00f6lpin","og_description":"Welch Erfolg f\u00fcr den von Regine K\u00f6lpin herausgegeben Kurzkrimiband. In so kurzer Zeit in der Drittauflage! Zum Bericht der Deutschlandtournee&hellip;","og_url":"https:\/\/www.regine-koelpin.de\/?p=1855","og_site_name":"Regine K\u00f6lpin","article_published_time":"2013-09-30T09:05:19+00:00","og_image":[{"url":"http:\/\/www.regine-koelpin.de\/wp-content\/uploads\/Aufgebockt-und-abgemurkst.jpg-Mail.jpg","type":"","width":"","height":""}],"author":"Regine","twitter_card":"summary_large_image","twitter_misc":{"Verfasst von":"Regine"},"schema":{"@context":"https:\/\/schema.org","@graph":[{"@type":"WebPage","@id":"https:\/\/www.regine-koelpin.de\/?p=1855","url":"https:\/\/www.regine-koelpin.de\/?p=1855","name":"\"aufgebockt und abgemurkst\" ist in der 3. Auflage - Regine K\u00f6lpin","isPartOf":{"@id":"https:\/\/www.regine-koelpin.de\/#website"},"primaryImageOfPage":{"@id":"https:\/\/www.regine-koelpin.de\/?p=1855#primaryimage"},"image":{"@id":"https:\/\/www.regine-koelpin.de\/?p=1855#primaryimage"},"thumbnailUrl":"http:\/\/www.regine-koelpin.de\/wp-content\/uploads\/Aufgebockt-und-abgemurkst.jpg-Mail.jpg","datePublished":"2013-09-30T09:05:19+00:00","dateModified":"2013-09-30T09:05:19+00:00","author":{"@id":"https:\/\/www.regine-koelpin.de\/#\/schema\/person\/938d47f0bd462ae07fab9340440a3aa3"},"breadcrumb":{"@id":"https:\/\/www.regine-koelpin.de\/?p=1855#breadcrumb"},"inLanguage":"de","potentialAction":[{"@type":"ReadAction","target":["https:\/\/www.regine-koelpin.de\/?p=1855"]}]},{"@type":"ImageObject","inLanguage":"de","@id":"https:\/\/www.regine-koelpin.de\/?p=1855#primaryimage","url":"http:\/\/www.regine-koelpin.de\/wp-content\/uploads\/Aufgebockt-und-abgemurkst.jpg-Mail.jpg","contentUrl":"http:\/\/www.regine-koelpin.de\/wp-content\/uploads\/Aufgebockt-und-abgemurkst.jpg-Mail.jpg"},{"@type":"BreadcrumbList","@id":"https:\/\/www.regine-koelpin.de\/?p=1855#breadcrumb","itemListElement":[{"@type":"ListItem","position":1,"name":"Startseite","item":"https:\/\/www.regine-koelpin.de\/"},{"@type":"ListItem","position":2,"name":"&#8222;aufgebockt und abgemurkst&#8220; ist in der 3. Auflage"}]},{"@type":"WebSite","@id":"https:\/\/www.regine-koelpin.de\/#website","url":"https:\/\/www.regine-koelpin.de\/","name":"Regine K\u00f6lpin","description":"Schriftstellerin","potentialAction":[{"@type":"SearchAction","target":{"@type":"EntryPoint","urlTemplate":"https:\/\/www.regine-koelpin.de\/?s={search_term_string}"},"query-input":{"@type":"PropertyValueSpecification","valueRequired":true,"valueName":"search_term_string"}}],"inLanguage":"de"},{"@type":"Person","@id":"https:\/\/www.regine-koelpin.de\/#\/schema\/person\/938d47f0bd462ae07fab9340440a3aa3","name":"Regine","url":"https:\/\/www.regine-koelpin.de\/?author=1"}]}},"_links":{"self":[{"href":"https:\/\/www.regine-koelpin.de\/index.php?rest_route=\/wp\/v2\/posts\/1855","targetHints":{"allow":["GET"]}}],"collection":[{"href":"https:\/\/www.regine-koelpin.de\/index.php?rest_route=\/wp\/v2\/posts"}],"about":[{"href":"https:\/\/www.regine-koelpin.de\/index.php?rest_route=\/wp\/v2\/types\/post"}],"author":[{"embeddable":true,"href":"https:\/\/www.regine-koelpin.de\/index.php?rest_route=\/wp\/v2\/users\/1"}],"replies":[{"embeddable":true,"href":"https:\/\/www.regine-koelpin.de\/index.php?rest_route=%2Fwp%2Fv2%2Fcomments&post=1855"}],"version-history":[{"count":1,"href":"https:\/\/www.regine-koelpin.de\/index.php?rest_route=\/wp\/v2\/posts\/1855\/revisions"}],"predecessor-version":[{"id":1857,"href":"https:\/\/www.regine-koelpin.de\/index.php?rest_route=\/wp\/v2\/posts\/1855\/revisions\/1857"}],"wp:attachment":[{"href":"https:\/\/www.regine-koelpin.de\/index.php?rest_route=%2Fwp%2Fv2%2Fmedia&parent=1855"}],"wp:term":[{"taxonomy":"category","embeddable":true,"href":"https:\/\/www.regine-koelpin.de\/index.php?rest_route=%2Fwp%2Fv2%2Fcategories&post=1855"},{"taxonomy":"post_tag","embeddable":true,"href":"https:\/\/www.regine-koelpin.de\/index.php?rest_route=%2Fwp%2Fv2%2Ftags&post=1855"}],"curies":[{"name":"wp","href":"https:\/\/api.w.org\/{rel}","templated":true}]}}