{"id":6183,"date":"2018-02-08T18:50:52","date_gmt":"2018-02-08T16:50:52","guid":{"rendered":"http:\/\/www.regine-koelpin.de\/?p=6183"},"modified":"2018-02-08T18:56:25","modified_gmt":"2018-02-08T16:56:25","slug":"oma-zeigt-flagge-oma-geht-campen-neu-bei-weltbild","status":"publish","type":"post","link":"http:\/\/www.regine-koelpin.de\/?p=6183","title":{"rendered":"Oma zeigt Flagge \/Oma geht campen neu bei Weltbild!"},"content":{"rendered":"<p>Ab Februar2018 sind die beiden B\u00e4nde Oma zeigt Flagge und Oma geht campen auch bei Weltbild im Doppelband erh\u00e4ltlich<br \/>\n<img loading=\"lazy\" decoding=\"async\" src=\"http:\/\/www.regine-koelpin.de\/wp-content\/uploads\/Oma-zeigt-Flagge-Oma-geht-campen-Weltbild-Ausgabe-bestellen-Google-Chrome_2018-02-08_17-13-50-195x300.jpg\" alt=\"\" width=\"195\" height=\"300\" class=\"aligncenter size-medium wp-image-6177\" srcset=\"http:\/\/www.regine-koelpin.de\/wp-content\/uploads\/Oma-zeigt-Flagge-Oma-geht-campen-Weltbild-Ausgabe-bestellen-Google-Chrome_2018-02-08_17-13-50-195x300.jpg 195w, http:\/\/www.regine-koelpin.de\/wp-content\/uploads\/Oma-zeigt-Flagge-Oma-geht-campen-Weltbild-Ausgabe-bestellen-Google-Chrome_2018-02-08_17-13-50.jpg 323w\" sizes=\"auto, (max-width: 195px) 100vw, 195px\" \/><\/p>\n<p>https:\/\/www.weltbild.de\/artikel\/buch\/oma-zeigt-flagge-oma-geht-campen_23758755-1#product-description<\/p>\n<p><img loading=\"lazy\" decoding=\"async\" src=\"http:\/\/www.regine-koelpin.de\/wp-content\/uploads\/Oma-zeigt-Flagge-Oma-geht-campen-Weltbild-Ausgabe-bestellen-Google-Chrome_2018-02-08_17-09-53.jpg\" alt=\"\" width=\"924\" height=\"375\" class=\"aligncenter size-full wp-image-6185\" srcset=\"http:\/\/www.regine-koelpin.de\/wp-content\/uploads\/Oma-zeigt-Flagge-Oma-geht-campen-Weltbild-Ausgabe-bestellen-Google-Chrome_2018-02-08_17-09-53.jpg 924w, http:\/\/www.regine-koelpin.de\/wp-content\/uploads\/Oma-zeigt-Flagge-Oma-geht-campen-Weltbild-Ausgabe-bestellen-Google-Chrome_2018-02-08_17-09-53-300x122.jpg 300w, http:\/\/www.regine-koelpin.de\/wp-content\/uploads\/Oma-zeigt-Flagge-Oma-geht-campen-Weltbild-Ausgabe-bestellen-Google-Chrome_2018-02-08_17-09-53-768x312.jpg 768w\" sizes=\"auto, (max-width: 924px) 100vw, 924px\" \/><\/p>\n","protected":false},"excerpt":{"rendered":"<p>Ab Februar2018 sind die beiden B\u00e4nde Oma zeigt Flagge und Oma geht campen auch bei Weltbild im Doppelband erh\u00e4ltlich https:\/\/www.weltbild.de\/artikel\/buch\/oma-zeigt-flagge-oma-geht-campen_23758755-1#product-description<\/p>\n","protected":false},"author":1,"featured_media":0,"comment_status":"closed","ping_status":"closed","sticky":false,"template":"","format":"standard","meta":{"footnotes":""},"categories":[1],"tags":[],"class_list":["post-6183","post","type-post","status-publish","format-standard","hentry","category-allgemein"],"yoast_head":"<!-- This site is optimized with the Yoast SEO plugin v24.2 - https:\/\/yoast.com\/wordpress\/plugins\/seo\/ -->\n<title>Oma zeigt Flagge \/Oma geht campen neu bei Weltbild! - Regine K\u00f6lpin<\/title>\n<meta name=\"robots\" content=\"index, follow, max-snippet:-1, max-image-preview:large, max-video-preview:-1\" \/>\n<link rel=\"canonical\" href=\"http:\/\/www.regine-koelpin.de\/?p=6183\" \/>\n<meta property=\"og:locale\" content=\"de_DE\" \/>\n<meta property=\"og:type\" content=\"article\" \/>\n<meta property=\"og:title\" content=\"Oma zeigt Flagge \/Oma geht campen neu bei Weltbild! - Regine K\u00f6lpin\" \/>\n<meta property=\"og:description\" content=\"Ab Februar2018 sind die beiden B\u00e4nde Oma zeigt Flagge und Oma geht campen auch bei Weltbild im Doppelband erh\u00e4ltlich https:\/\/www.weltbild.de\/artikel\/buch\/oma-zeigt-flagge-oma-geht-campen_23758755-1#product-description\" \/>\n<meta property=\"og:url\" content=\"http:\/\/www.regine-koelpin.de\/?p=6183\" \/>\n<meta property=\"og:site_name\" content=\"Regine K\u00f6lpin\" \/>\n<meta property=\"article:published_time\" content=\"2018-02-08T16:50:52+00:00\" \/>\n<meta property=\"article:modified_time\" content=\"2018-02-08T16:56:25+00:00\" \/>\n<meta property=\"og:image\" content=\"http:\/\/www.regine-koelpin.de\/wp-content\/uploads\/Oma-zeigt-Flagge-Oma-geht-campen-Weltbild-Ausgabe-bestellen-Google-Chrome_2018-02-08_17-13-50-195x300.jpg\" \/>\n<meta name=\"author\" content=\"Regine\" \/>\n<meta name=\"twitter:card\" content=\"summary_large_image\" \/>\n<meta name=\"twitter:label1\" content=\"Verfasst von\" \/>\n\t<meta name=\"twitter:data1\" content=\"Regine\" \/>\n<script type=\"application\/ld+json\" class=\"yoast-schema-graph\">{\"@context\":\"https:\/\/schema.org\",\"@graph\":[{\"@type\":\"WebPage\",\"@id\":\"http:\/\/www.regine-koelpin.de\/?p=6183\",\"url\":\"http:\/\/www.regine-koelpin.de\/?p=6183\",\"name\":\"Oma zeigt Flagge \/Oma geht campen neu bei Weltbild! - Regine K\u00f6lpin\",\"isPartOf\":{\"@id\":\"http:\/\/www.regine-koelpin.de\/#website\"},\"primaryImageOfPage\":{\"@id\":\"http:\/\/www.regine-koelpin.de\/?p=6183#primaryimage\"},\"image\":{\"@id\":\"http:\/\/www.regine-koelpin.de\/?p=6183#primaryimage\"},\"thumbnailUrl\":\"http:\/\/www.regine-koelpin.de\/wp-content\/uploads\/Oma-zeigt-Flagge-Oma-geht-campen-Weltbild-Ausgabe-bestellen-Google-Chrome_2018-02-08_17-13-50-195x300.jpg\",\"datePublished\":\"2018-02-08T16:50:52+00:00\",\"dateModified\":\"2018-02-08T16:56:25+00:00\",\"author\":{\"@id\":\"http:\/\/www.regine-koelpin.de\/#\/schema\/person\/938d47f0bd462ae07fab9340440a3aa3\"},\"breadcrumb\":{\"@id\":\"http:\/\/www.regine-koelpin.de\/?p=6183#breadcrumb\"},\"inLanguage\":\"de\",\"potentialAction\":[{\"@type\":\"ReadAction\",\"target\":[\"http:\/\/www.regine-koelpin.de\/?p=6183\"]}]},{\"@type\":\"ImageObject\",\"inLanguage\":\"de\",\"@id\":\"http:\/\/www.regine-koelpin.de\/?p=6183#primaryimage\",\"url\":\"http:\/\/www.regine-koelpin.de\/wp-content\/uploads\/Oma-zeigt-Flagge-Oma-geht-campen-Weltbild-Ausgabe-bestellen-Google-Chrome_2018-02-08_17-13-50-195x300.jpg\",\"contentUrl\":\"http:\/\/www.regine-koelpin.de\/wp-content\/uploads\/Oma-zeigt-Flagge-Oma-geht-campen-Weltbild-Ausgabe-bestellen-Google-Chrome_2018-02-08_17-13-50-195x300.jpg\"},{\"@type\":\"BreadcrumbList\",\"@id\":\"http:\/\/www.regine-koelpin.de\/?p=6183#breadcrumb\",\"itemListElement\":[{\"@type\":\"ListItem\",\"position\":1,\"name\":\"Startseite\",\"item\":\"http:\/\/www.regine-koelpin.de\/\"},{\"@type\":\"ListItem\",\"position\":2,\"name\":\"Oma zeigt Flagge \/Oma geht campen neu bei Weltbild!\"}]},{\"@type\":\"WebSite\",\"@id\":\"http:\/\/www.regine-koelpin.de\/#website\",\"url\":\"http:\/\/www.regine-koelpin.de\/\",\"name\":\"Regine K\u00f6lpin\",\"description\":\"Schriftstellerin\",\"potentialAction\":[{\"@type\":\"SearchAction\",\"target\":{\"@type\":\"EntryPoint\",\"urlTemplate\":\"http:\/\/www.regine-koelpin.de\/?s={search_term_string}\"},\"query-input\":{\"@type\":\"PropertyValueSpecification\",\"valueRequired\":true,\"valueName\":\"search_term_string\"}}],\"inLanguage\":\"de\"},{\"@type\":\"Person\",\"@id\":\"http:\/\/www.regine-koelpin.de\/#\/schema\/person\/938d47f0bd462ae07fab9340440a3aa3\",\"name\":\"Regine\",\"url\":\"http:\/\/www.regine-koelpin.de\/?author=1\"}]}<\/script>\n<!-- \/ Yoast SEO plugin. -->","yoast_head_json":{"title":"Oma zeigt Flagge \/Oma geht campen neu bei Weltbild! - Regine K\u00f6lpin","robots":{"index":"index","follow":"follow","max-snippet":"max-snippet:-1","max-image-preview":"max-image-preview:large","max-video-preview":"max-video-preview:-1"},"canonical":"http:\/\/www.regine-koelpin.de\/?p=6183","og_locale":"de_DE","og_type":"article","og_title":"Oma zeigt Flagge \/Oma geht campen neu bei Weltbild! - Regine K\u00f6lpin","og_description":"Ab Februar2018 sind die beiden B\u00e4nde Oma zeigt Flagge und Oma geht campen auch bei Weltbild im Doppelband erh\u00e4ltlich https:\/\/www.weltbild.de\/artikel\/buch\/oma-zeigt-flagge-oma-geht-campen_23758755-1#product-description","og_url":"http:\/\/www.regine-koelpin.de\/?p=6183","og_site_name":"Regine K\u00f6lpin","article_published_time":"2018-02-08T16:50:52+00:00","article_modified_time":"2018-02-08T16:56:25+00:00","og_image":[{"url":"http:\/\/www.regine-koelpin.de\/wp-content\/uploads\/Oma-zeigt-Flagge-Oma-geht-campen-Weltbild-Ausgabe-bestellen-Google-Chrome_2018-02-08_17-13-50-195x300.jpg","type":"","width":"","height":""}],"author":"Regine","twitter_card":"summary_large_image","twitter_misc":{"Verfasst von":"Regine"},"schema":{"@context":"https:\/\/schema.org","@graph":[{"@type":"WebPage","@id":"http:\/\/www.regine-koelpin.de\/?p=6183","url":"http:\/\/www.regine-koelpin.de\/?p=6183","name":"Oma zeigt Flagge \/Oma geht campen neu bei Weltbild! - Regine K\u00f6lpin","isPartOf":{"@id":"http:\/\/www.regine-koelpin.de\/#website"},"primaryImageOfPage":{"@id":"http:\/\/www.regine-koelpin.de\/?p=6183#primaryimage"},"image":{"@id":"http:\/\/www.regine-koelpin.de\/?p=6183#primaryimage"},"thumbnailUrl":"http:\/\/www.regine-koelpin.de\/wp-content\/uploads\/Oma-zeigt-Flagge-Oma-geht-campen-Weltbild-Ausgabe-bestellen-Google-Chrome_2018-02-08_17-13-50-195x300.jpg","datePublished":"2018-02-08T16:50:52+00:00","dateModified":"2018-02-08T16:56:25+00:00","author":{"@id":"http:\/\/www.regine-koelpin.de\/#\/schema\/person\/938d47f0bd462ae07fab9340440a3aa3"},"breadcrumb":{"@id":"http:\/\/www.regine-koelpin.de\/?p=6183#breadcrumb"},"inLanguage":"de","potentialAction":[{"@type":"ReadAction","target":["http:\/\/www.regine-koelpin.de\/?p=6183"]}]},{"@type":"ImageObject","inLanguage":"de","@id":"http:\/\/www.regine-koelpin.de\/?p=6183#primaryimage","url":"http:\/\/www.regine-koelpin.de\/wp-content\/uploads\/Oma-zeigt-Flagge-Oma-geht-campen-Weltbild-Ausgabe-bestellen-Google-Chrome_2018-02-08_17-13-50-195x300.jpg","contentUrl":"http:\/\/www.regine-koelpin.de\/wp-content\/uploads\/Oma-zeigt-Flagge-Oma-geht-campen-Weltbild-Ausgabe-bestellen-Google-Chrome_2018-02-08_17-13-50-195x300.jpg"},{"@type":"BreadcrumbList","@id":"http:\/\/www.regine-koelpin.de\/?p=6183#breadcrumb","itemListElement":[{"@type":"ListItem","position":1,"name":"Startseite","item":"http:\/\/www.regine-koelpin.de\/"},{"@type":"ListItem","position":2,"name":"Oma zeigt Flagge \/Oma geht campen neu bei Weltbild!"}]},{"@type":"WebSite","@id":"http:\/\/www.regine-koelpin.de\/#website","url":"http:\/\/www.regine-koelpin.de\/","name":"Regine K\u00f6lpin","description":"Schriftstellerin","potentialAction":[{"@type":"SearchAction","target":{"@type":"EntryPoint","urlTemplate":"http:\/\/www.regine-koelpin.de\/?s={search_term_string}"},"query-input":{"@type":"PropertyValueSpecification","valueRequired":true,"valueName":"search_term_string"}}],"inLanguage":"de"},{"@type":"Person","@id":"http:\/\/www.regine-koelpin.de\/#\/schema\/person\/938d47f0bd462ae07fab9340440a3aa3","name":"Regine","url":"http:\/\/www.regine-koelpin.de\/?author=1"}]}},"_links":{"self":[{"href":"http:\/\/www.regine-koelpin.de\/index.php?rest_route=\/wp\/v2\/posts\/6183","targetHints":{"allow":["GET"]}}],"collection":[{"href":"http:\/\/www.regine-koelpin.de\/index.php?rest_route=\/wp\/v2\/posts"}],"about":[{"href":"http:\/\/www.regine-koelpin.de\/index.php?rest_route=\/wp\/v2\/types\/post"}],"author":[{"embeddable":true,"href":"http:\/\/www.regine-koelpin.de\/index.php?rest_route=\/wp\/v2\/users\/1"}],"replies":[{"embeddable":true,"href":"http:\/\/www.regine-koelpin.de\/index.php?rest_route=%2Fwp%2Fv2%2Fcomments&post=6183"}],"version-history":[{"count":2,"href":"http:\/\/www.regine-koelpin.de\/index.php?rest_route=\/wp\/v2\/posts\/6183\/revisions"}],"predecessor-version":[{"id":6190,"href":"http:\/\/www.regine-koelpin.de\/index.php?rest_route=\/wp\/v2\/posts\/6183\/revisions\/6190"}],"wp:attachment":[{"href":"http:\/\/www.regine-koelpin.de\/index.php?rest_route=%2Fwp%2Fv2%2Fmedia&parent=6183"}],"wp:term":[{"taxonomy":"category","embeddable":true,"href":"http:\/\/www.regine-koelpin.de\/index.php?rest_route=%2Fwp%2Fv2%2Fcategories&post=6183"},{"taxonomy":"post_tag","embeddable":true,"href":"http:\/\/www.regine-koelpin.de\/index.php?rest_route=%2Fwp%2Fv2%2Ftags&post=6183"}],"curies":[{"name":"wp","href":"https:\/\/api.w.org\/{rel}","templated":true}]}}